{"id":143,"date":"2022-05-14T18:38:55","date_gmt":"2022-05-14T18:38:55","guid":{"rendered":"https:\/\/ciudadanoconversacional.com\/?p=143"},"modified":"2024-05-27T16:35:52","modified_gmt":"2024-05-27T16:35:52","slug":"la-transformacion-digital-de-vila-real-con-whatsapp-de-tercera-generacion-el-caso-del-sector-agroalimentario","status":"publish","type":"post","link":"https:\/\/ciudadanoconversacional.com\/es\/la-transformacion-digital-de-vila-real-con-whatsapp-de-tercera-generacion-el-caso-del-sector-agroalimentario\/","title":{"rendered":"La Transformaci\u00f3n Digital de Vila-real con WhatsApp  de Tercera Generaci\u00f3n: el caso del sector agroalimentario"},"content":{"rendered":"<p>[et_pb_section fb_built=\u00bb1&#8243; admin_label=\u00bbHeader\u00bb _builder_version=\u00bb4.16&#8243; _module_preset=\u00bbdefault\u00bb background_color=\u00bb#f5f3ee\u00bb global_colors_info=\u00bb{}\u00bb][et_pb_row _builder_version=\u00bb4.18.0&#8243; _module_preset=\u00bbdefault\u00bb global_colors_info=\u00bb{}\u00bb][et_pb_column type=\u00bb4_4&#8243; _builder_version=\u00bb4.18.0&#8243; _module_preset=\u00bbdefault\u00bb global_colors_info=\u00bb{}\u00bb][et_pb_text _builder_version=\u00bb4.18.0&#8243; _module_preset=\u00bbdf96b77a-cd4f-44a8-a771-2d6347592b53&#8243; header_2_font=\u00bbRoboto|300|||||||\u00bb header_2_text_color=\u00bb#093532&#8243; header_2_font_size=\u00bb50px\u00bb header_2_letter_spacing=\u00bb-0.02em\u00bb header_2_line_height=\u00bb1.15em\u00bb header_2_font_size_tablet=\u00bb32px\u00bb header_2_font_size_phone=\u00bb20px\u00bb header_2_font_size_last_edited=\u00bbon|desktop\u00bb locked=\u00bboff\u00bb global_colors_info=\u00bb{}\u00bb]<\/p>\n<h2>La Transformaci\u00f3n Digital de Vila-real con WhatsApp de Tercera Generaci\u00f3n: el caso del sector agroalimentario<\/h2>\n<p>[\/et_pb_text][\/et_pb_column][\/et_pb_row][et_pb_row column_structure=\u00bb2_5,3_5&#8243; _builder_version=\u00bb4.18.0&#8243; _module_preset=\u00bbdefault\u00bb global_colors_info=\u00bb{}\u00bb][et_pb_column type=\u00bb2_5&#8243; _builder_version=\u00bb4.16&#8243; _module_preset=\u00bbdefault\u00bb global_colors_info=\u00bb{}\u00bb][et_pb_text _builder_version=\u00bb4.18.0&#8243; _module_preset=\u00bb5ff55506-da7d-4dd7-b409-9d62c7203201&#8243; text_font=\u00bbDM Sans||||||||\u00bb text_text_color=\u00bb#0F393B\u00bb text_font_size=\u00bb16px\u00bb text_line_height=\u00bb1.8em\u00bb text_font_size_tablet=\u00bb15px\u00bb text_font_size_phone=\u00bb14px\u00bb text_font_size_last_edited=\u00bbon|phone\u00bb header_font_size_tablet=\u00bb55px\u00bb header_font_size_last_edited=\u00bboff|desktop\u00bb locked=\u00bboff\u00bb global_colors_info=\u00bb{}\u00bb]<\/p>\n<h3>14 de mayo de 2022<\/h3>\n<p>[\/et_pb_text][et_pb_text _builder_version=\u00bb4.16&#8243; _module_preset=\u00bb5ff55506-da7d-4dd7-b409-9d62c7203201&#8243; text_font=\u00bbDM Sans||||||||\u00bb text_text_color=\u00bb#0F393B\u00bb text_font_size=\u00bb16px\u00bb text_line_height=\u00bb1.8em\u00bb text_font_size_tablet=\u00bb15px\u00bb text_font_size_phone=\u00bb14px\u00bb text_font_size_last_edited=\u00bbon|phone\u00bb header_font_size_tablet=\u00bb55px\u00bb header_font_size_last_edited=\u00bboff|desktop\u00bb locked=\u00bboff\u00bb global_colors_info=\u00bb{}\u00bb]<\/p>\n<p><span data-doc-id=\"1882932000000388038\" data-doc-type=\"writer\">Los d\u00edas 12 y 13 de mayo de 2022, participamos de las <\/span><span>primeras Jornadas de Innovaci\u00f3n Agroalimentaria de la Feria Destaca,<\/span><span> en la Pista la Ravaleta de les Coves de Vinrom\u00e0, provincia de Castell\u00f3n, Comunidad Valenciana.<\/span><\/p>\n<p>[\/et_pb_text][\/et_pb_column][et_pb_column type=\u00bb3_5&#8243; _builder_version=\u00bb4.16&#8243; _module_preset=\u00bbdefault\u00bb global_colors_info=\u00bb{}\u00bb][et_pb_image src=\u00bbhttps:\/\/ciudadanoconversacional.com\/wp-content\/uploads\/2022\/10\/Disen\u0303o-sin-ti\u0301tulo-21.jpg\u00bb alt=\u00bbLa Transformaci\u00f3n Digital de Vila-real con WhatsApp de Tercera Generaci\u00f3n: el caso del sector agroalimentario\u00bb title_text=\u00bbLa Transformaci\u00f3n Digital de Vila-real con WhatsApp  de Tercera Generaci\u00f3n: el caso del sector agroalimentario\u00bb _builder_version=\u00bb4.18.0&#8243; _module_preset=\u00bbdefault\u00bb locked=\u00bboff\u00bb global_colors_info=\u00bb{}\u00bb][\/et_pb_image][\/et_pb_column][\/et_pb_row][et_pb_row _builder_version=\u00bb4.18.0&#8243; _module_preset=\u00bbdefault\u00bb global_colors_info=\u00bb{}\u00bb][et_pb_column type=\u00bb4_4&#8243; _builder_version=\u00bb4.18.0&#8243; _module_preset=\u00bbdefault\u00bb global_colors_info=\u00bb{}\u00bb][et_pb_text _builder_version=\u00bb4.18.0&#8243; _module_preset=\u00bb5ff55506-da7d-4dd7-b409-9d62c7203201&#8243; text_font=\u00bbDM Sans||||||||\u00bb text_text_color=\u00bb#0F393B\u00bb text_font_size=\u00bb16px\u00bb text_line_height=\u00bb1.8em\u00bb text_font_size_tablet=\u00bb15px\u00bb text_font_size_phone=\u00bb14px\u00bb text_font_size_last_edited=\u00bbon|phone\u00bb header_font_size_tablet=\u00bb55px\u00bb header_font_size_last_edited=\u00bboff|desktop\u00bb locked=\u00bboff\u00bb global_colors_info=\u00bb{}\u00bb]<\/p>\n<p>Las mismas forman parte de la iniciativa \u00abDestaca en Ruta\u00bb, que tiene como objetivo extender por todo el territorio la apuesta por la innovaci\u00f3n y la transmisi\u00f3n del conocimiento. Fue organizada por el Pacto Territorial por el Desarrollo Local y el Empleo Plana Alta Nord, la C\u00e0tedra d\u2019Innovaci\u00f3 Cer\u00e0mica \u201cCiutat de Vila-real\u201d de la Universitat Jaume I, el Ayuntamiento de Vila-real y el Ayuntamiento de les Coves de Vinrom\u00e0.<\/p>\n<p>En la inauguraci\u00f3n de estas jornadas, algunas de las autoridades presentes fueron el Alcalde de Vila-real y Presidente de la Red Valenciana de Ciudades por la Innovaci\u00f3n, Jos\u00e9 Benlloch, y su hom\u00f3loga en Oropesa del Mar y les Coves de Vinrom\u00e0, Araceli de Moya y M\u00f2nica Nos, respectivamente, junto al diputado provincial Santi P\u00e9rez.<\/p>\n<p>En este espacio, tuvimos el privilegio de escuchar a personas expertas a nivel local, auton\u00f3mico y nacional en ponencias y mesas redondas que giraron en torno a tem\u00e1ticas relacionadas con: innovaci\u00f3n, sostenibilidad, transformaci\u00f3n alimentaria, econom\u00eda circular, digitalizaci\u00f3n y soluciones para la agricultura, entre otros.<\/p>\n<p>En esta ocasi\u00f3n transmitimos la visi\u00f3n y misi\u00f3n de nuestro proyecto Vila-real3000 y aportamos nuestra experiencia en materia conversacional, representados por Jos\u00e9 P\u00e9rez -Director Estrat\u00e9gico de la C\u00e1tedra de Negocio Conversacional de la Universidad de Valencia- quien realiz\u00f3 la introducci\u00f3n a la Mesa de Redonda N\u00ba3: \u00abSoluciones h\u00edbridas entre tecnolog\u00eda y agricultura\u00bb.<\/p>\n<p>En el marco de lo que implica transformar digitalmente a una ciudad y convertir a los ciudadanos en ciudadanos conversacionales, explic\u00f3 qu\u00e9 es el WhatsApp de Tercera Generaci\u00f3n y qu\u00e9 aspectos deben considerarse para hacer un uso \u00e9tico y profesional de esta tecnolog\u00eda. Para concluir, aport\u00f3 ejemplos de c\u00f3mo su uso impacta en todos los estratos de la sociedad y, en particular, present\u00f3 cuatro estudios de caso para el sector agroalimentario.<\/p>\n<p>Regresamos a nuestras oficinas cargados de informaci\u00f3n para transformar en conocimiento, contentos por habernos nutrido de experiencias e ideas de actores poco dados a interactuar y que nos ayudar\u00e1n a perfeccionar nuestra labor inyect\u00e1ndonos energ\u00eda para seguir pensando la manera de contribuir m\u00e1s y mejor a transformar la sociedad de manera positiva.<\/p>\n<p>Pod\u00e9is conocer m\u00e1s sobre el evento, en la <a href=\"http:\/\/www.lescovesdevinroma.es\/es\/content\/las-i-jornadas-de-innovacion-agroalimentaria-de-les-coves-de-vinroma-expondran-modelos\">web del ayuntamiento de Les Coves de Vinrom\u00e0<\/a>.<\/p>\n<p>[\/et_pb_text][\/et_pb_column][\/et_pb_row][\/et_pb_section][et_pb_section fb_built=\u00bb1&#8243; _builder_version=\u00bb4.18.0&#8243; _module_preset=\u00bbdefault\u00bb background_image=\u00bbhttps:\/\/ciudadanoconversacional.com\/wp-content\/uploads\/2022\/10\/dots-3.png\u00bb background_size=\u00bbinitial\u00bb locked=\u00bboff\u00bb global_colors_info=\u00bb{}\u00bb][et_pb_row _builder_version=\u00bb4.18.0&#8243; _module_preset=\u00bbdefault\u00bb global_colors_info=\u00bb{}\u00bb][et_pb_column type=\u00bb4_4&#8243; _builder_version=\u00bb4.18.0&#8243; _module_preset=\u00bbdefault\u00bb global_colors_info=\u00bb{}\u00bb][et_pb_text _builder_version=\u00bb4.18.0&#8243; _module_preset=\u00bbdefault\u00bb header_3_font=\u00bbDM Sans|700|||||||\u00bb header_3_text_color=\u00bb#185359&#8243; header_3_font_size=\u00bb28px\u00bb global_colors_info=\u00bb{}\u00bb]<\/p>\n<h3 style=\"text-align: center;\">Tambi\u00e9n te puede interesar:<\/h3>\n<p>[\/et_pb_text][\/et_pb_column][\/et_pb_row][et_pb_row _builder_version=\u00bb4.18.0&#8243; _module_preset=\u00bbdefault\u00bb global_colors_info=\u00bb{}\u00bb][et_pb_column type=\u00bb4_4&#8243; _builder_version=\u00bb4.18.0&#8243; _module_preset=\u00bbdefault\u00bb global_colors_info=\u00bb{}\u00bb][et_pb_blog fullwidth=\u00bboff\u00bb posts_number=\u00bb3&#8243; use_manual_excerpt=\u00bboff\u00bb show_more=\u00bbon\u00bb show_author=\u00bboff\u00bb show_categories=\u00bboff\u00bb show_excerpt=\u00bboff\u00bb _builder_version=\u00bb4.18.0&#8243; _module_preset=\u00bbdefault\u00bb header_font=\u00bb|300|||||||\u00bb header_font_size=\u00bb24px\u00bb header_line_height=\u00bb1.4em\u00bb body_font=\u00bb||||||||\u00bb body_font_size=\u00bb16px\u00bb body_line_height=\u00bb1.9em\u00bb meta_font=\u00bb||||||||\u00bb meta_text_color=\u00bbrgba(0,0,0,0.24)\u00bb pagination_font=\u00bb||||||||\u00bb pagination_text_color=\u00bb#30A5BF\u00bb pagination_font_size=\u00bb19px\u00bb header_font_size_tablet=\u00bb24px\u00bb header_font_size_phone=\u00bb20px\u00bb header_font_size_last_edited=\u00bbon|phone\u00bb border_color_all=\u00bbrgba(0,0,0,0.12)\u00bb global_colors_info=\u00bb{}\u00bb][\/et_pb_blog][\/et_pb_column][\/et_pb_row][\/et_pb_section]<\/p>\n","protected":false},"excerpt":{"rendered":"<p>Los d\u00edas 12 y 13 de mayo de 2022, participamos de las primeras Jornadas de Innovaci\u00f3n Agroalimentaria de la Feria Destaca, en la Pista la Ravaleta de les Coves de Vinrom\u00e0, provincia de Castell\u00f3n, Comunidad Valenciana. <\/p>\n","protected":false},"author":1,"featured_media":766,"comment_status":"closed","ping_status":"closed","sticky":false,"template":"","format":"standard","meta":{"_et_pb_use_builder":"on","_et_pb_old_content":"","_et_gb_content_width":"","inline_featured_image":false,"footnotes":""},"categories":[21],"tags":[],"yoast_head":"<!-- This site is optimized with the Yoast SEO plugin v22.8 - https:\/\/yoast.com\/wordpress\/plugins\/seo\/ -->\n<title>La Transformaci\u00f3n Digital de Vila-real con WhatsApp de Tercera Generaci\u00f3n: el caso del sector agroalimentario - Conversational Citizen<\/title>\n<meta name=\"description\" content=\"Los d\u00edas 12 y 13 de mayo de 2022, participamos de las primeras Jornadas de Innovaci\u00f3n Agroalimentaria de la Feria Destaca, en la Pista la Ravaleta de les Coves de Vinrom\u00e0, provincia de Castell\u00f3n, Comunidad Valenciana.\" \/>\n<meta name=\"robots\" content=\"index, follow, max-snippet:-1, max-image-preview:large, max-video-preview:-1\" \/>\n<link rel=\"canonical\" href=\"https:\/\/ciudadanoconversacional.com\/es\/la-transformacion-digital-de-vila-real-con-whatsapp-de-tercera-generacion-el-caso-del-sector-agroalimentario\/\" \/>\n<meta property=\"og:locale\" content=\"es_ES\" \/>\n<meta property=\"og:type\" content=\"article\" \/>\n<meta property=\"og:title\" content=\"La Transformaci\u00f3n Digital de Vila-real con WhatsApp de Tercera Generaci\u00f3n: el caso del sector agroalimentario - Conversational Citizen\" \/>\n<meta property=\"og:description\" content=\"Los d\u00edas 12 y 13 de mayo de 2022, participamos de las primeras Jornadas de Innovaci\u00f3n Agroalimentaria de la Feria Destaca, en la Pista la Ravaleta de les Coves de Vinrom\u00e0, provincia de Castell\u00f3n, Comunidad Valenciana.\" \/>\n<meta property=\"og:url\" content=\"https:\/\/ciudadanoconversacional.com\/es\/la-transformacion-digital-de-vila-real-con-whatsapp-de-tercera-generacion-el-caso-del-sector-agroalimentario\/\" \/>\n<meta property=\"og:site_name\" content=\"Conversational Citizen\" \/>\n<meta property=\"article:published_time\" content=\"2022-05-14T18:38:55+00:00\" \/>\n<meta property=\"article:modified_time\" content=\"2024-05-27T16:35:52+00:00\" \/>\n<meta property=\"og:image\" content=\"https:\/\/ciudadanoconversacional.com\/wp-content\/uploads\/2022\/05\/WhatsApp-Image-2022-10-19-at-13.34.00.jpeg\" \/>\n\t<meta property=\"og:image:width\" content=\"1600\" \/>\n\t<meta property=\"og:image:height\" content=\"584\" \/>\n\t<meta property=\"og:image:type\" content=\"image\/jpeg\" \/>\n<meta name=\"author\" content=\"Conversational Citizen\" \/>\n<meta name=\"twitter:card\" content=\"summary_large_image\" \/>\n<meta name=\"twitter:label1\" content=\"Escrito por\" \/>\n\t<meta name=\"twitter:data1\" content=\"Conversational Citizen\" \/>\n\t<meta name=\"twitter:label2\" content=\"Tiempo de lectura\" \/>\n\t<meta name=\"twitter:data2\" content=\"3 minutos\" \/>\n<script type=\"application\/ld+json\" class=\"yoast-schema-graph\">{\"@context\":\"https:\/\/schema.org\",\"@graph\":[{\"@type\":\"Article\",\"@id\":\"https:\/\/ciudadanoconversacional.com\/es\/la-transformacion-digital-de-vila-real-con-whatsapp-de-tercera-generacion-el-caso-del-sector-agroalimentario\/#article\",\"isPartOf\":{\"@id\":\"https:\/\/ciudadanoconversacional.com\/es\/la-transformacion-digital-de-vila-real-con-whatsapp-de-tercera-generacion-el-caso-del-sector-agroalimentario\/\"},\"author\":{\"name\":\"Conversational Citizen\",\"@id\":\"https:\/\/ciudadanoconversacional.com\/#\/schema\/person\/d3b587d156faaaae109f04f5514409b6\"},\"headline\":\"La Transformaci\u00f3n Digital de Vila-real con WhatsApp de Tercera Generaci\u00f3n: el caso del sector agroalimentario\",\"datePublished\":\"2022-05-14T18:38:55+00:00\",\"dateModified\":\"2024-05-27T16:35:52+00:00\",\"mainEntityOfPage\":{\"@id\":\"https:\/\/ciudadanoconversacional.com\/es\/la-transformacion-digital-de-vila-real-con-whatsapp-de-tercera-generacion-el-caso-del-sector-agroalimentario\/\"},\"wordCount\":1134,\"publisher\":{\"@id\":\"https:\/\/ciudadanoconversacional.com\/#organization\"},\"image\":{\"@id\":\"https:\/\/ciudadanoconversacional.com\/es\/la-transformacion-digital-de-vila-real-con-whatsapp-de-tercera-generacion-el-caso-del-sector-agroalimentario\/#primaryimage\"},\"thumbnailUrl\":\"https:\/\/ciudadanoconversacional.com\/wp-content\/uploads\/2022\/05\/WhatsApp-Image-2022-10-19-at-13.34.00.jpeg\",\"articleSection\":[\"Vila-real3000\"],\"inLanguage\":\"es\"},{\"@type\":\"WebPage\",\"@id\":\"https:\/\/ciudadanoconversacional.com\/es\/la-transformacion-digital-de-vila-real-con-whatsapp-de-tercera-generacion-el-caso-del-sector-agroalimentario\/\",\"url\":\"https:\/\/ciudadanoconversacional.com\/es\/la-transformacion-digital-de-vila-real-con-whatsapp-de-tercera-generacion-el-caso-del-sector-agroalimentario\/\",\"name\":\"La Transformaci\u00f3n Digital de Vila-real con WhatsApp de Tercera Generaci\u00f3n: el caso del sector agroalimentario - Conversational Citizen\",\"isPartOf\":{\"@id\":\"https:\/\/ciudadanoconversacional.com\/#website\"},\"primaryImageOfPage\":{\"@id\":\"https:\/\/ciudadanoconversacional.com\/es\/la-transformacion-digital-de-vila-real-con-whatsapp-de-tercera-generacion-el-caso-del-sector-agroalimentario\/#primaryimage\"},\"image\":{\"@id\":\"https:\/\/ciudadanoconversacional.com\/es\/la-transformacion-digital-de-vila-real-con-whatsapp-de-tercera-generacion-el-caso-del-sector-agroalimentario\/#primaryimage\"},\"thumbnailUrl\":\"https:\/\/ciudadanoconversacional.com\/wp-content\/uploads\/2022\/05\/WhatsApp-Image-2022-10-19-at-13.34.00.jpeg\",\"datePublished\":\"2022-05-14T18:38:55+00:00\",\"dateModified\":\"2024-05-27T16:35:52+00:00\",\"description\":\"Los d\u00edas 12 y 13 de mayo de 2022, participamos de las primeras Jornadas de Innovaci\u00f3n Agroalimentaria de la Feria Destaca, en la Pista la Ravaleta de les Coves de Vinrom\u00e0, provincia de Castell\u00f3n, Comunidad Valenciana.\",\"breadcrumb\":{\"@id\":\"https:\/\/ciudadanoconversacional.com\/es\/la-transformacion-digital-de-vila-real-con-whatsapp-de-tercera-generacion-el-caso-del-sector-agroalimentario\/#breadcrumb\"},\"inLanguage\":\"es\",\"potentialAction\":[{\"@type\":\"ReadAction\",\"target\":[\"https:\/\/ciudadanoconversacional.com\/es\/la-transformacion-digital-de-vila-real-con-whatsapp-de-tercera-generacion-el-caso-del-sector-agroalimentario\/\"]}]},{\"@type\":\"ImageObject\",\"inLanguage\":\"es\",\"@id\":\"https:\/\/ciudadanoconversacional.com\/es\/la-transformacion-digital-de-vila-real-con-whatsapp-de-tercera-generacion-el-caso-del-sector-agroalimentario\/#primaryimage\",\"url\":\"https:\/\/ciudadanoconversacional.com\/wp-content\/uploads\/2022\/05\/WhatsApp-Image-2022-10-19-at-13.34.00.jpeg\",\"contentUrl\":\"https:\/\/ciudadanoconversacional.com\/wp-content\/uploads\/2022\/05\/WhatsApp-Image-2022-10-19-at-13.34.00.jpeg\",\"width\":1600,\"height\":584,\"caption\":\"Erasmus Plus - Business for all\"},{\"@type\":\"BreadcrumbList\",\"@id\":\"https:\/\/ciudadanoconversacional.com\/es\/la-transformacion-digital-de-vila-real-con-whatsapp-de-tercera-generacion-el-caso-del-sector-agroalimentario\/#breadcrumb\",\"itemListElement\":[{\"@type\":\"ListItem\",\"position\":1,\"name\":\"Home\",\"item\":\"https:\/\/ciudadanoconversacional.com\/es\/\"},{\"@type\":\"ListItem\",\"position\":2,\"name\":\"La Transformaci\u00f3n Digital de Vila-real con WhatsApp de Tercera Generaci\u00f3n: el caso del sector agroalimentario\"}]},{\"@type\":\"WebSite\",\"@id\":\"https:\/\/ciudadanoconversacional.com\/#website\",\"url\":\"https:\/\/ciudadanoconversacional.com\/\",\"name\":\"Conversational Citizen\",\"description\":\"Conversational Citizen\",\"publisher\":{\"@id\":\"https:\/\/ciudadanoconversacional.com\/#organization\"},\"potentialAction\":[{\"@type\":\"SearchAction\",\"target\":{\"@type\":\"EntryPoint\",\"urlTemplate\":\"https:\/\/ciudadanoconversacional.com\/?s={search_term_string}\"},\"query-input\":\"required name=search_term_string\"}],\"inLanguage\":\"es\"},{\"@type\":\"Organization\",\"@id\":\"https:\/\/ciudadanoconversacional.com\/#organization\",\"name\":\"Conversational Citizen\",\"url\":\"https:\/\/ciudadanoconversacional.com\/\",\"logo\":{\"@type\":\"ImageObject\",\"inLanguage\":\"es\",\"@id\":\"https:\/\/ciudadanoconversacional.com\/#\/schema\/logo\/image\/\",\"url\":\"https:\/\/conversationalcitizen.com\/wp-content\/uploads\/2022\/10\/conversational-citizen-logo-v.png\",\"contentUrl\":\"https:\/\/conversationalcitizen.com\/wp-content\/uploads\/2022\/10\/conversational-citizen-logo-v.png\",\"width\":600,\"height\":557,\"caption\":\"Conversational Citizen\"},\"image\":{\"@id\":\"https:\/\/ciudadanoconversacional.com\/#\/schema\/logo\/image\/\"}},{\"@type\":\"Person\",\"@id\":\"https:\/\/ciudadanoconversacional.com\/#\/schema\/person\/d3b587d156faaaae109f04f5514409b6\",\"name\":\"Conversational Citizen\",\"image\":{\"@type\":\"ImageObject\",\"inLanguage\":\"es\",\"@id\":\"https:\/\/ciudadanoconversacional.com\/#\/schema\/person\/image\/\",\"url\":\"https:\/\/secure.gravatar.com\/avatar\/258ea10a007b185250cc67a4319b059d?s=96&d=mm&r=g\",\"contentUrl\":\"https:\/\/secure.gravatar.com\/avatar\/258ea10a007b185250cc67a4319b059d?s=96&d=mm&r=g\",\"caption\":\"Conversational Citizen\"},\"sameAs\":[\"https:\/\/ciudadanoconversacional.com\"],\"url\":\"https:\/\/ciudadanoconversacional.com\/es\/author\/admin_conversationalcitizen\/\"}]}<\/script>\n<!-- \/ Yoast SEO plugin. -->","yoast_head_json":{"title":"La Transformaci\u00f3n Digital de Vila-real con WhatsApp de Tercera Generaci\u00f3n: el caso del sector agroalimentario - Conversational Citizen","description":"Los d\u00edas 12 y 13 de mayo de 2022, participamos de las primeras Jornadas de Innovaci\u00f3n Agroalimentaria de la Feria Destaca, en la Pista la Ravaleta de les Coves de Vinrom\u00e0, provincia de Castell\u00f3n, Comunidad Valenciana.","robots":{"index":"index","follow":"follow","max-snippet":"max-snippet:-1","max-image-preview":"max-image-preview:large","max-video-preview":"max-video-preview:-1"},"canonical":"https:\/\/ciudadanoconversacional.com\/es\/la-transformacion-digital-de-vila-real-con-whatsapp-de-tercera-generacion-el-caso-del-sector-agroalimentario\/","og_locale":"es_ES","og_type":"article","og_title":"La Transformaci\u00f3n Digital de Vila-real con WhatsApp de Tercera Generaci\u00f3n: el caso del sector agroalimentario - Conversational Citizen","og_description":"Los d\u00edas 12 y 13 de mayo de 2022, participamos de las primeras Jornadas de Innovaci\u00f3n Agroalimentaria de la Feria Destaca, en la Pista la Ravaleta de les Coves de Vinrom\u00e0, provincia de Castell\u00f3n, Comunidad Valenciana.","og_url":"https:\/\/ciudadanoconversacional.com\/es\/la-transformacion-digital-de-vila-real-con-whatsapp-de-tercera-generacion-el-caso-del-sector-agroalimentario\/","og_site_name":"Conversational Citizen","article_published_time":"2022-05-14T18:38:55+00:00","article_modified_time":"2024-05-27T16:35:52+00:00","og_image":[{"width":1600,"height":584,"url":"https:\/\/ciudadanoconversacional.com\/wp-content\/uploads\/2022\/05\/WhatsApp-Image-2022-10-19-at-13.34.00.jpeg","type":"image\/jpeg"}],"author":"Conversational Citizen","twitter_card":"summary_large_image","twitter_misc":{"Escrito por":"Conversational Citizen","Tiempo de lectura":"3 minutos"},"schema":{"@context":"https:\/\/schema.org","@graph":[{"@type":"Article","@id":"https:\/\/ciudadanoconversacional.com\/es\/la-transformacion-digital-de-vila-real-con-whatsapp-de-tercera-generacion-el-caso-del-sector-agroalimentario\/#article","isPartOf":{"@id":"https:\/\/ciudadanoconversacional.com\/es\/la-transformacion-digital-de-vila-real-con-whatsapp-de-tercera-generacion-el-caso-del-sector-agroalimentario\/"},"author":{"name":"Conversational Citizen","@id":"https:\/\/ciudadanoconversacional.com\/#\/schema\/person\/d3b587d156faaaae109f04f5514409b6"},"headline":"La Transformaci\u00f3n Digital de Vila-real con WhatsApp de Tercera Generaci\u00f3n: el caso del sector agroalimentario","datePublished":"2022-05-14T18:38:55+00:00","dateModified":"2024-05-27T16:35:52+00:00","mainEntityOfPage":{"@id":"https:\/\/ciudadanoconversacional.com\/es\/la-transformacion-digital-de-vila-real-con-whatsapp-de-tercera-generacion-el-caso-del-sector-agroalimentario\/"},"wordCount":1134,"publisher":{"@id":"https:\/\/ciudadanoconversacional.com\/#organization"},"image":{"@id":"https:\/\/ciudadanoconversacional.com\/es\/la-transformacion-digital-de-vila-real-con-whatsapp-de-tercera-generacion-el-caso-del-sector-agroalimentario\/#primaryimage"},"thumbnailUrl":"https:\/\/ciudadanoconversacional.com\/wp-content\/uploads\/2022\/05\/WhatsApp-Image-2022-10-19-at-13.34.00.jpeg","articleSection":["Vila-real3000"],"inLanguage":"es"},{"@type":"WebPage","@id":"https:\/\/ciudadanoconversacional.com\/es\/la-transformacion-digital-de-vila-real-con-whatsapp-de-tercera-generacion-el-caso-del-sector-agroalimentario\/","url":"https:\/\/ciudadanoconversacional.com\/es\/la-transformacion-digital-de-vila-real-con-whatsapp-de-tercera-generacion-el-caso-del-sector-agroalimentario\/","name":"La Transformaci\u00f3n Digital de Vila-real con WhatsApp de Tercera Generaci\u00f3n: el caso del sector agroalimentario - Conversational Citizen","isPartOf":{"@id":"https:\/\/ciudadanoconversacional.com\/#website"},"primaryImageOfPage":{"@id":"https:\/\/ciudadanoconversacional.com\/es\/la-transformacion-digital-de-vila-real-con-whatsapp-de-tercera-generacion-el-caso-del-sector-agroalimentario\/#primaryimage"},"image":{"@id":"https:\/\/ciudadanoconversacional.com\/es\/la-transformacion-digital-de-vila-real-con-whatsapp-de-tercera-generacion-el-caso-del-sector-agroalimentario\/#primaryimage"},"thumbnailUrl":"https:\/\/ciudadanoconversacional.com\/wp-content\/uploads\/2022\/05\/WhatsApp-Image-2022-10-19-at-13.34.00.jpeg","datePublished":"2022-05-14T18:38:55+00:00","dateModified":"2024-05-27T16:35:52+00:00","description":"Los d\u00edas 12 y 13 de mayo de 2022, participamos de las primeras Jornadas de Innovaci\u00f3n Agroalimentaria de la Feria Destaca, en la Pista la Ravaleta de les Coves de Vinrom\u00e0, provincia de Castell\u00f3n, Comunidad Valenciana.","breadcrumb":{"@id":"https:\/\/ciudadanoconversacional.com\/es\/la-transformacion-digital-de-vila-real-con-whatsapp-de-tercera-generacion-el-caso-del-sector-agroalimentario\/#breadcrumb"},"inLanguage":"es","potentialAction":[{"@type":"ReadAction","target":["https:\/\/ciudadanoconversacional.com\/es\/la-transformacion-digital-de-vila-real-con-whatsapp-de-tercera-generacion-el-caso-del-sector-agroalimentario\/"]}]},{"@type":"ImageObject","inLanguage":"es","@id":"https:\/\/ciudadanoconversacional.com\/es\/la-transformacion-digital-de-vila-real-con-whatsapp-de-tercera-generacion-el-caso-del-sector-agroalimentario\/#primaryimage","url":"https:\/\/ciudadanoconversacional.com\/wp-content\/uploads\/2022\/05\/WhatsApp-Image-2022-10-19-at-13.34.00.jpeg","contentUrl":"https:\/\/ciudadanoconversacional.com\/wp-content\/uploads\/2022\/05\/WhatsApp-Image-2022-10-19-at-13.34.00.jpeg","width":1600,"height":584,"caption":"Erasmus Plus - Business for all"},{"@type":"BreadcrumbList","@id":"https:\/\/ciudadanoconversacional.com\/es\/la-transformacion-digital-de-vila-real-con-whatsapp-de-tercera-generacion-el-caso-del-sector-agroalimentario\/#breadcrumb","itemListElement":[{"@type":"ListItem","position":1,"name":"Home","item":"https:\/\/ciudadanoconversacional.com\/es\/"},{"@type":"ListItem","position":2,"name":"La Transformaci\u00f3n Digital de Vila-real con WhatsApp de Tercera Generaci\u00f3n: el caso del sector agroalimentario"}]},{"@type":"WebSite","@id":"https:\/\/ciudadanoconversacional.com\/#website","url":"https:\/\/ciudadanoconversacional.com\/","name":"Conversational Citizen","description":"Conversational Citizen","publisher":{"@id":"https:\/\/ciudadanoconversacional.com\/#organization"},"potentialAction":[{"@type":"SearchAction","target":{"@type":"EntryPoint","urlTemplate":"https:\/\/ciudadanoconversacional.com\/?s={search_term_string}"},"query-input":"required name=search_term_string"}],"inLanguage":"es"},{"@type":"Organization","@id":"https:\/\/ciudadanoconversacional.com\/#organization","name":"Conversational Citizen","url":"https:\/\/ciudadanoconversacional.com\/","logo":{"@type":"ImageObject","inLanguage":"es","@id":"https:\/\/ciudadanoconversacional.com\/#\/schema\/logo\/image\/","url":"https:\/\/conversationalcitizen.com\/wp-content\/uploads\/2022\/10\/conversational-citizen-logo-v.png","contentUrl":"https:\/\/conversationalcitizen.com\/wp-content\/uploads\/2022\/10\/conversational-citizen-logo-v.png","width":600,"height":557,"caption":"Conversational Citizen"},"image":{"@id":"https:\/\/ciudadanoconversacional.com\/#\/schema\/logo\/image\/"}},{"@type":"Person","@id":"https:\/\/ciudadanoconversacional.com\/#\/schema\/person\/d3b587d156faaaae109f04f5514409b6","name":"Conversational Citizen","image":{"@type":"ImageObject","inLanguage":"es","@id":"https:\/\/ciudadanoconversacional.com\/#\/schema\/person\/image\/","url":"https:\/\/secure.gravatar.com\/avatar\/258ea10a007b185250cc67a4319b059d?s=96&d=mm&r=g","contentUrl":"https:\/\/secure.gravatar.com\/avatar\/258ea10a007b185250cc67a4319b059d?s=96&d=mm&r=g","caption":"Conversational Citizen"},"sameAs":["https:\/\/ciudadanoconversacional.com"],"url":"https:\/\/ciudadanoconversacional.com\/es\/author\/admin_conversationalcitizen\/"}]}},"_links":{"self":[{"href":"https:\/\/ciudadanoconversacional.com\/es\/wp-json\/wp\/v2\/posts\/143"}],"collection":[{"href":"https:\/\/ciudadanoconversacional.com\/es\/wp-json\/wp\/v2\/posts"}],"about":[{"href":"https:\/\/ciudadanoconversacional.com\/es\/wp-json\/wp\/v2\/types\/post"}],"author":[{"embeddable":true,"href":"https:\/\/ciudadanoconversacional.com\/es\/wp-json\/wp\/v2\/users\/1"}],"replies":[{"embeddable":true,"href":"https:\/\/ciudadanoconversacional.com\/es\/wp-json\/wp\/v2\/comments?post=143"}],"version-history":[{"count":11,"href":"https:\/\/ciudadanoconversacional.com\/es\/wp-json\/wp\/v2\/posts\/143\/revisions"}],"predecessor-version":[{"id":656,"href":"https:\/\/ciudadanoconversacional.com\/es\/wp-json\/wp\/v2\/posts\/143\/revisions\/656"}],"wp:featuredmedia":[{"embeddable":true,"href":"https:\/\/ciudadanoconversacional.com\/es\/wp-json\/wp\/v2\/media\/766"}],"wp:attachment":[{"href":"https:\/\/ciudadanoconversacional.com\/es\/wp-json\/wp\/v2\/media?parent=143"}],"wp:term":[{"taxonomy":"category","embeddable":true,"href":"https:\/\/ciudadanoconversacional.com\/es\/wp-json\/wp\/v2\/categories?post=143"},{"taxonomy":"post_tag","embeddable":true,"href":"https:\/\/ciudadanoconversacional.com\/es\/wp-json\/wp\/v2\/tags?post=143"}],"curies":[{"name":"wp","href":"https:\/\/api.w.org\/{rel}","templated":true}]}}